{"id":6870,"date":"2021-08-24T18:30:02","date_gmt":"2021-08-24T21:30:02","guid":{"rendered":"https:\/\/afetoperipatetico.com\/nao-categorizado\/2021\/08\/24\/ta-meeting-in-the-cerrado-2021\/"},"modified":"2023-05-31T22:49:57","modified_gmt":"2023-06-01T01:49:57","slug":"ta-meeting-in-the-cerrado-2021","status":"publish","type":"post","link":"https:\/\/afetoperipatetico.com\/en\/events\/2021\/08\/24\/ta-meeting-in-the-cerrado-2021\/","title":{"rendered":"TA Meeting in the Cerrado &#8211; 2021"},"content":{"rendered":"<p><strong><span style=\"text-decoration: underline;\"><a href=\"https:\/\/www.sympla.com.br\/encontro-de-at-no-cerrado-2021-at-saude-mental-e-__1295384\" data-type=\"URL\" data-id=\"https:\/\/www.sympla.com.br\/encontro-de-at-no-cerrado-2021-at-saude-mental-e-__1295384\" target=\"_blank\" rel=\"noreferrer noopener\">Sympla Registration<\/a> <\/span><\/strong><\/p><p>The TA Meeting in the Cerrado will make its second edition on Saturdays 11, 18 and 25 September 2021. Dedicated to therapeutic follow-up, we also include mental health themes and practices performed outside the conventional clinical setting.  <\/p><p>This year we will have symposia, round tables with guests, book launches and poster contests.<\/p><p>Guests:<\/p><p>Latin America<\/p><ul class=\"wp-block-list\"><li>Argentina<ul><li>Prof. Maria Laura Frank &#8211; University of C\u00f3rdoba, ), Director of the Sistere Foundation and Vice-President of AATRA (Asociaci\u00f3n Argentina de Acompa\u00f1amiento Terap\u00e9utico)<\/li><\/ul><\/li><li>Brazil<ul><li>Psi. Arnaldo Araujo<\/li><li>Psi. Carolina Saraiva &#8211; CRP-DF<\/li><li>Prof. Dr. Cristiano Barreira &#8211; USP<\/li><li>Prof. Dr. Dem\u00e9trius France &#8211; IFB<\/li><li>Prof. Dr. Erika Epiphanio &#8211; UNIVASF<\/li><li>Est. Psi. Giselle Santos &#8211; UPE<\/li><li>Prof. Dr. Henrique Carneiro &#8211; UPE<\/li><li>Est. Psi. Ingrid Lima &#8211; UPE<\/li><li>Est. Psi. Jos\u00e9 Lu\u00eds Amorim &#8211; UNIVASF<\/li><li>Psi. Luciana Souza &#8211; UPE<\/li><li>Psi. Marcos Cah\u00fa &#8211; Mainland<\/li><li>Psi. Raquel L\u00e1zara &#8211; UFSJ<\/li><li>Prof. Dr. Suely Emilia Santos &#8211; UPE<\/li><li>Prof. Dr. Walter Melo &#8211; UFSJ<\/li><\/ul><\/li><li>Costa Rica<ul><li>Psi. Jorge Richmond &#8211; Costa Rican Association for research and study of psychoanalysis, member of Therapeutic Companions of Costa Rica &#8211; ATCR<\/li><\/ul><\/li><li>Mexico<ul><li>Prof. Dr. Berenice Ram\u00edrez &#8211; National Autonomous University of Mexico<\/li><li>Psi. Luis Mario Cabrera &#8211; EnLazo AT<\/li><li>Est. Melissa Pe\u00f1a &#8211; National Autonomous University of Mexico<\/li><\/ul><\/li><li>Uruguay<ul><li>AT Isaura Fabra<\/li><li>AT Marcelo Pons<\/li><li>AT Yohana Segovia<\/li><\/ul><\/li><\/ul><p>Europe<\/p><ul class=\"wp-block-list\"><li>Prof. Dr. Francesca Brencio &#8211; University of Oxford, Royal College of Psychiatrists (UK) and University of Seville (Spain)<\/li><li>Prof. Dr. Luka Jane\u0161 &#8211; University of Zagreb and Centre of Excellence for Integrative Bioethics (Croatia)<\/li><\/ul><p><strong>IMPORTANT INFORMATION:<\/strong><\/p><p>This scientific event is based on volunteer work and is non-profit. 50% of the amount raised will be donated to the mental health entity and the remainder will be dedicated to the partial cost of editing and publishing the annals of the event. The accountability will be disclosed after the completion of the work.<\/p><p>From 2022 we must adhere to crowdfunding to enable the growth of the event with greater professionalism. If you wish to sponsor or support this event in any way other than crowdfunding, please contact us at <a href=\"mailto:atnocerrado@gmail.com\">atnocerrado@gmail.com<\/a><\/p>","protected":false},"excerpt":{"rendered":"<p>Sympla Registration The TA Meeting in the Cerrado will make its second edition on Saturdays 11, 18 and 25 September 2021. Dedicated to therapeutic follow-up, we also include mental health themes and practices performed outside the conventional clinical setting. This year we will have symposia, round tables with guests, book launches and poster contests. Guests: Latin America Argentina Prof. Maria Laura Frank &#8211; University of C\u00f3rdoba, ), Director of the Sistere Foundation and Vice-President of AATRA (Asociaci\u00f3n Argentina de Acompa\u00f1amiento Terap\u00e9utico) Brazil Psi. Arnaldo Araujo Psi. Carolina Saraiva &#8211; CRP-DF Prof. Dr. Cristiano Barreira &#8211; USP Prof. Dr. Dem\u00e9trius France &#8211; IFB Prof. Dr. Erika Epiphanio &#8211; UNIVASF Est. Psi. Giselle Santos &#8211; UPE Prof. Dr. Henrique Carneiro &#8211; UPE Est. Psi. Ingrid Lima &#8211; UPE Est. Psi. Jos\u00e9 Lu\u00eds Amorim &#8211; UNIVASF Psi. Luciana Souza &#8211; UPE Psi. Marcos Cah\u00fa &#8211; Mainland Psi. Raquel L\u00e1zara &#8211; UFSJ Prof. Dr. [&hellip;]<\/p>\n","protected":false},"author":1,"featured_media":0,"comment_status":"closed","ping_status":"closed","sticky":false,"template":"","format":"standard","meta":{"_acf_changed":false,"_jetpack_memberships_contains_paid_content":false,"footnotes":""},"categories":[491],"tags":[],"class_list":["post-6870","post","type-post","status-publish","format-standard","hentry","category-events"],"acf":[],"jetpack_featured_media_url":"","jetpack_sharing_enabled":true,"_links":{"self":[{"href":"https:\/\/afetoperipatetico.com\/en\/wp-json\/wp\/v2\/posts\/6870","targetHints":{"allow":["GET"]}}],"collection":[{"href":"https:\/\/afetoperipatetico.com\/en\/wp-json\/wp\/v2\/posts"}],"about":[{"href":"https:\/\/afetoperipatetico.com\/en\/wp-json\/wp\/v2\/types\/post"}],"author":[{"embeddable":true,"href":"https:\/\/afetoperipatetico.com\/en\/wp-json\/wp\/v2\/users\/1"}],"replies":[{"embeddable":true,"href":"https:\/\/afetoperipatetico.com\/en\/wp-json\/wp\/v2\/comments?post=6870"}],"version-history":[{"count":3,"href":"https:\/\/afetoperipatetico.com\/en\/wp-json\/wp\/v2\/posts\/6870\/revisions"}],"predecessor-version":[{"id":6876,"href":"https:\/\/afetoperipatetico.com\/en\/wp-json\/wp\/v2\/posts\/6870\/revisions\/6876"}],"wp:attachment":[{"href":"https:\/\/afetoperipatetico.com\/en\/wp-json\/wp\/v2\/media?parent=6870"}],"wp:term":[{"taxonomy":"category","embeddable":true,"href":"https:\/\/afetoperipatetico.com\/en\/wp-json\/wp\/v2\/categories?post=6870"},{"taxonomy":"post_tag","embeddable":true,"href":"https:\/\/afetoperipatetico.com\/en\/wp-json\/wp\/v2\/tags?post=6870"}],"curies":[{"name":"wp","href":"https:\/\/api.w.org\/{rel}","templated":true}]}}