{"id":1501,"date":"2021-08-24T18:45:37","date_gmt":"2021-08-24T21:45:37","guid":{"rendered":"https:\/\/afetoperipatetico.wpcomstaging.com\/2021\/08\/24\/peripatetic-therapy-encounter-in-the-cerrado-2021\/"},"modified":"2021-08-24T18:45:37","modified_gmt":"2021-08-24T21:45:37","slug":"peripatetic-therapy-encounter-in-the-cerrado-2021","status":"publish","type":"post","link":"https:\/\/afetoperipatetico.com\/en\/eventos\/2021\/08\/24\/peripatetic-therapy-encounter-in-the-cerrado-2021\/","title":{"rendered":"Peripatetic Therapy Encounter in the Cerrado &#8211; 2021"},"content":{"rendered":"<p>The Meeting of Peripatetic Therapy in the Cerrado will have its second edition on Saturdays 11, 18 and 25 September 2021. Dedicated to Peripatetic Therapy, we have also included the themes of mental health and practices carried out outside the conventional clinical setting. <\/p><p>This year we will have symposia, round tables with guests, book launches and poster competition.<\/p><p>Guests:<\/p><p>Latin America<\/p><ul class=\"wp-block-list\"><li>Argentina<ul><li>Prof. Maria Laura Frank &#8211; University of C\u00f3rdoba, ), Director of the Sistere Foundation and Vice-President of AATRA (Asociaci\u00f3n Argentina de Acompa\u00f1amiento Terap\u00e9utico)<\/li><\/ul><\/li><li>Brazil<ul><li>Psi. Arnaldo Ara\u00fajo<\/li><li>Psi. Carolina Saraiva &#8211; CRP-DF<\/li><li>Prof. Dr. Cristiano Barreira &#8211; USP<\/li><li>Prof. Dr. Dem\u00e9trius Fran\u00e7a &#8211; IFB<\/li><li>Prof. Dr. Erika Epiphanio &#8211; UNIVASF<\/li><li>Est. Psi. Giselle Santos &#8211; UPE<\/li><li>Prof. Dr. Henrique Carneiro &#8211; UPE<\/li><li>Est. Psi. Ingrid Lima &#8211; UPE<\/li><li>Est. PSi. Jos\u00e9 Lu\u00eds Amorim &#8211; UNIVASF<\/li><li>Psi. Luciana Souza &#8211; UPE<\/li><li>Psi. Marcos Cah\u00fa &#8211; Continente<\/li><li>Psi. Raquel L\u00e1zara &#8211; UFSJ<\/li><li>Prof. Dr. Suely Emilia Santos &#8211; UPE<\/li><li>Prof. Dr. Walter Melo &#8211; UFSJ<\/li><\/ul><\/li><li>Costa Rica<ul><li>Psi. Psi. Jorge Richmond &#8211; Costa Rican Association for Research and Study of Psychoanalysis, member of Therapeutic Escorts of Costa Rica &#8211; ATCR<\/li><\/ul><\/li><li>M\u00e9xico<ul><li>Prof. Dr. Prof. Dr. Berenice Ram\u00edrez &#8211; National Autonomous University of Mexico<\/li><li>Psi. Lu\u00eds Mario Cabrera &#8211; EnLazo AT<\/li><li>Est. Melissa Pe\u00f1a &#8211; National Autonomous University of Mexico<\/li><\/ul><\/li><li>Uruguay<ul><li>Peripatetic Therapist Isaura Fabra<\/li><li>Peripatetic Therapist Marcelo Pons<\/li><li>Peripatetic Therapist Yohana Seg\u00f3via<\/li><\/ul><\/li><\/ul><p>Europa<\/p><ul class=\"wp-block-list\"><li>Prof. Dr. Francesca Brencio &#8211; Universidade de Oxford, Royal College of Psychiatrists (Reino Unido) e Universidade de Sevilha (Espanha)<\/li><li>Prof. Dr. Luka Jane\u0161 &#8211; University of Zagreb and Center of Excellence for Integrative Bioethics (Croatia)<\/li><\/ul><p><strong>IMPORTANT INFORMATION:<\/strong><\/p><p>This scientific event is based on voluntary work and is not for profit. 50% of the collected amount will be donated to a mental health entity and the remainder will be dedicated to the partial cost of editing and publishing the proceedings of the event. The rendering of accounts will be disclosed after the conclusion of the work.<\/p><p>As of 2022, we must adhere to collective financing to enable the event to grow with greater professionalism. If you would like to sponsor or support this event in any way other than crowdfunding, please contact us at <a href=\"mailto:atnocerrado@gmail.com\">atnocerrado@gmail.com<\/a><\/p>","protected":false},"excerpt":{"rendered":"<p>The Meeting of Peripatetic Therapy in the Cerrado will have its second edition on Saturdays 11, 18 and 25 September 2021. Dedicated to Peripatetic Therapy, we have also included the themes of mental health and practices carried out outside the conventional clinical setting. This year we will have symposia, round tables with guests, book launches and poster competition. Guests: Latin America Argentina Prof. Maria Laura Frank &#8211; University of C\u00f3rdoba, ), Director of the Sistere Foundation and Vice-President of AATRA (Asociaci\u00f3n Argentina de Acompa\u00f1amiento Terap\u00e9utico) Brazil Psi. Arnaldo Ara\u00fajo Psi. Carolina Saraiva &#8211; CRP-DF Prof. Dr. Cristiano Barreira &#8211; USP Prof. Dr. Dem\u00e9trius Fran\u00e7a &#8211; IFB Prof. Dr. Erika Epiphanio &#8211; UNIVASF Est. Psi. Giselle Santos &#8211; UPE Prof. Dr. Henrique Carneiro &#8211; UPE Est. Psi. Ingrid Lima &#8211; UPE Est. PSi. Jos\u00e9 Lu\u00eds Amorim &#8211; UNIVASF Psi. Luciana Souza &#8211; UPE Psi. Marcos Cah\u00fa &#8211; Continente Psi. Raquel L\u00e1zara [&hellip;]<\/p>\n","protected":false},"author":1,"featured_media":0,"comment_status":"closed","ping_status":"closed","sticky":false,"template":"","format":"standard","meta":{"_acf_changed":false,"_jetpack_memberships_contains_paid_content":false,"footnotes":""},"categories":[26],"tags":[],"class_list":["post-1501","post","type-post","status-publish","format-standard","hentry","category-eventos"],"acf":[],"jetpack_featured_media_url":"","jetpack_sharing_enabled":true,"_links":{"self":[{"href":"https:\/\/afetoperipatetico.com\/en\/wp-json\/wp\/v2\/posts\/1501","targetHints":{"allow":["GET"]}}],"collection":[{"href":"https:\/\/afetoperipatetico.com\/en\/wp-json\/wp\/v2\/posts"}],"about":[{"href":"https:\/\/afetoperipatetico.com\/en\/wp-json\/wp\/v2\/types\/post"}],"author":[{"embeddable":true,"href":"https:\/\/afetoperipatetico.com\/en\/wp-json\/wp\/v2\/users\/1"}],"replies":[{"embeddable":true,"href":"https:\/\/afetoperipatetico.com\/en\/wp-json\/wp\/v2\/comments?post=1501"}],"version-history":[{"count":0,"href":"https:\/\/afetoperipatetico.com\/en\/wp-json\/wp\/v2\/posts\/1501\/revisions"}],"wp:attachment":[{"href":"https:\/\/afetoperipatetico.com\/en\/wp-json\/wp\/v2\/media?parent=1501"}],"wp:term":[{"taxonomy":"category","embeddable":true,"href":"https:\/\/afetoperipatetico.com\/en\/wp-json\/wp\/v2\/categories?post=1501"},{"taxonomy":"post_tag","embeddable":true,"href":"https:\/\/afetoperipatetico.com\/en\/wp-json\/wp\/v2\/tags?post=1501"}],"curies":[{"name":"wp","href":"https:\/\/api.w.org\/{rel}","templated":true}]}}